{"id":352,"date":"2022-02-16T18:44:35","date_gmt":"2022-02-16T15:44:35","guid":{"rendered":"http:\/\/emreozturk.com\/?p=352"},"modified":"2022-02-16T21:18:59","modified_gmt":"2022-02-16T18:18:59","slug":"dunyada-kac-adet-kus-yasiyor","status":"publish","type":"post","link":"https:\/\/emreozturk.com\/index.php\/2022\/02\/16\/dunyada-kac-adet-kus-yasiyor\/","title":{"rendered":"D\u00fcnyada ka\u00e7 adet ku\u015f ya\u015f\u0131yor"},"content":{"rendered":"<p><img loading=\"lazy\" decoding=\"async\" class=\"size-medium wp-image-353 alignright\" src=\"https:\/\/emreozturk.com\/wp-content\/themes\/breek\/assets\/images\/transparent.gif\" data-lazy=\"true\" data-src=\"https:\/\/emreozturk.com\/wp-content\/uploads\/2022\/02\/kuslar-300x200.jpg\" alt=\"\" width=\"300\" height=\"200\" data-srcset=\"https:\/\/emreozturk.com\/wp-content\/uploads\/2022\/02\/kuslar-300x200.jpg 300w, https:\/\/emreozturk.com\/wp-content\/uploads\/2022\/02\/kuslar-100x67.jpg 100w, https:\/\/emreozturk.com\/wp-content\/uploads\/2022\/02\/kuslar.jpg 660w\" data-sizes=\"(max-width: 300px) 100vw, 300px\" \/><\/p>\n<p>Ara\u015ft\u0131rmac\u0131lar d\u00fcnya \u00fczerinde ka\u00e7 adet ku\u015fun ya\u015fad\u0131\u011f\u0131n\u0131 hesaplad\u0131.<\/p>\n<p>Yap\u0131lan \u00e7al\u0131\u015fmalar g\u00f6re d\u00fcnyada 7.8 milyar insan bulunurken ku\u015f say\u0131s\u0131 ise 50 milyar\u0131n biraz \u00fczerinde.<\/p>\n<p>Veriler 10 y\u0131lda 600 binden fazla ara\u015ft\u0131rmac\u0131n\u0131n g\u00f6zlemleriyle ortaa \u00e7\u0131kt\u0131.<\/p>\n<p>eBird verilerine g\u00f6re d\u00fcnya \u00fczerinde 10 binden fazla ku\u015f t\u00fcr\u00fc ya\u015f\u0131yor.<\/p>\n<p>Ser\u00e7e, s\u0131\u011f\u0131rc\u0131k, k\u0131r k\u0131rlang\u0131c\u0131 gibi t\u00fcrler ise bir milyara a\u015fk\u0131n n\u00fcfusa sahip.<\/p>\n","protected":false},"excerpt":{"rendered":"<p>Ara\u015ft\u0131rmac\u0131lar d\u00fcnya \u00fczerinde ka\u00e7 adet ku\u015fun ya\u015fad\u0131\u011f\u0131n\u0131 hesaplad\u0131. Yap\u0131lan \u00e7al\u0131\u015fmalar g\u00f6re d\u00fcnyada 7.8 milyar insan bulunurken ku\u015f say\u0131s\u0131 ise 50 milyar\u0131n biraz \u00fczerinde. Veriler 10&#8230;<\/p>\n","protected":false},"author":1,"featured_media":353,"comment_status":"open","ping_status":"open","sticky":false,"template":"","format":"standard","meta":{"footnotes":""},"categories":[5],"tags":[],"class_list":["post-352","post","type-post","status-publish","format-standard","has-post-thumbnail","hentry","category-hertelden"],"acf":[],"_links":{"self":[{"href":"https:\/\/emreozturk.com\/index.php\/wp-json\/wp\/v2\/posts\/352"}],"collection":[{"href":"https:\/\/emreozturk.com\/index.php\/wp-json\/wp\/v2\/posts"}],"about":[{"href":"https:\/\/emreozturk.com\/index.php\/wp-json\/wp\/v2\/types\/post"}],"author":[{"embeddable":true,"href":"https:\/\/emreozturk.com\/index.php\/wp-json\/wp\/v2\/users\/1"}],"replies":[{"embeddable":true,"href":"https:\/\/emreozturk.com\/index.php\/wp-json\/wp\/v2\/comments?post=352"}],"version-history":[{"count":1,"href":"https:\/\/emreozturk.com\/index.php\/wp-json\/wp\/v2\/posts\/352\/revisions"}],"predecessor-version":[{"id":354,"href":"https:\/\/emreozturk.com\/index.php\/wp-json\/wp\/v2\/posts\/352\/revisions\/354"}],"wp:featuredmedia":[{"embeddable":true,"href":"https:\/\/emreozturk.com\/index.php\/wp-json\/wp\/v2\/media\/353"}],"wp:attachment":[{"href":"https:\/\/emreozturk.com\/index.php\/wp-json\/wp\/v2\/media?parent=352"}],"wp:term":[{"taxonomy":"category","embeddable":true,"href":"https:\/\/emreozturk.com\/index.php\/wp-json\/wp\/v2\/categories?post=352"},{"taxonomy":"post_tag","embeddable":true,"href":"https:\/\/emreozturk.com\/index.php\/wp-json\/wp\/v2\/tags?post=352"}],"curies":[{"name":"wp","href":"https:\/\/api.w.org\/{rel}","templated":true}]}}