{"id":360,"date":"2022-02-16T18:50:50","date_gmt":"2022-02-16T15:50:50","guid":{"rendered":"http:\/\/emreozturk.com\/?p=360"},"modified":"2022-02-16T21:46:38","modified_gmt":"2022-02-16T18:46:38","slug":"venus-neden-saat-yonunde-donuyor","status":"publish","type":"post","link":"https:\/\/emreozturk.com\/index.php\/2022\/02\/16\/venus-neden-saat-yonunde-donuyor\/","title":{"rendered":"Ven\u00fcs neden saat y\u00f6n\u00fcnde d\u00f6n\u00fcyor?"},"content":{"rendered":"<p><img loading=\"lazy\" decoding=\"async\" class=\"size-medium wp-image-361 alignright\" src=\"https:\/\/emreozturk.com\/wp-content\/themes\/breek\/assets\/images\/transparent.gif\" data-lazy=\"true\" data-src=\"https:\/\/emreozturk.com\/wp-content\/uploads\/2022\/02\/venus-300x185.jpg\" alt=\"\" width=\"300\" height=\"185\" data-srcset=\"https:\/\/emreozturk.com\/wp-content\/uploads\/2022\/02\/venus-300x185.jpg 300w, https:\/\/emreozturk.com\/wp-content\/uploads\/2022\/02\/venus-100x62.jpg 100w, https:\/\/emreozturk.com\/wp-content\/uploads\/2022\/02\/venus-700x432.jpg 700w, https:\/\/emreozturk.com\/wp-content\/uploads\/2022\/02\/venus.jpg 740w\" data-sizes=\"(max-width: 300px) 100vw, 300px\" \/><\/p>\n<p>G\u00fcne\u015f sistemindeki gezegenlerin \u00e7o\u011funun d\u00f6n\u00fc\u015f y\u00f6n\u00fc saat y\u00f6n\u00fcn\u00fcn tersine do\u011fru.<\/p>\n<p>D\u00fcnya&#8217;n\u0131n kendi ekseni etraf\u0131nda d\u00f6n\u00fc\u015f\u00fc de saat y\u00f6n\u00fcn\u00fcn tersine do\u011fru i\u015fliyor. Bu nedenle G\u00fcne\u015f Do\u011fu&#8217;dan do\u011fup Bat\u0131&#8217;dan bat\u0131yor. Ancak Ven\u00fcs saat y\u00f6n\u00fcne do\u011fru d\u00f6nmesiyle di\u011fer gezegenlerden ayr\u0131l\u0131yor.<\/p>\n<p>Ven\u00fcs&#8217;\u00fcn ilgin\u00e7likleri saymakla bitmez ama bilim insanlar\u0131n\u0131n tahminlerine g\u00f6re Ven\u00fcs&#8217;\u00fcn kendi ekseni etraf\u0131ndaki d\u00f6n\u00fc\u015f\u00fc bir zamanlar saat y\u00f6n\u00fcn\u00fcn tersine do\u011fruydu.<\/p>\n<p>G\u00fcne\u015f&#8217;in g\u00fc\u00e7l\u00fc \u00e7ekim etkisi nedeniyle Ven\u00fcs&#8217;\u00fcn atmosferi \u00e7ekildi. Bu da atmosfer \u00fczerinde gelgitler olu\u015fmas\u0131na neden oluyor. Di\u011fer gezegenlerin k\u00fctle \u00e7ekimleri de birle\u015fince Ven\u00fcs \u00f6nce yava\u015flad\u0131, ard\u0131ndan saat y\u00f6n\u00fcne do\u011fru d\u00f6nmeye ba\u015flad\u0131. Bu \u015fu anlama geliyor: Ven\u00fcs&#8217;te G\u00fcne\u015f, Bat\u0131&#8217;dan do\u011fup Do\u011fu&#8217;dan bat\u0131yor.<\/p>\n","protected":false},"excerpt":{"rendered":"<p>G\u00fcne\u015f sistemindeki gezegenlerin \u00e7o\u011funun d\u00f6n\u00fc\u015f y\u00f6n\u00fc saat y\u00f6n\u00fcn\u00fcn tersine do\u011fru. D\u00fcnya&#8217;n\u0131n kendi ekseni etraf\u0131nda d\u00f6n\u00fc\u015f\u00fc de saat y\u00f6n\u00fcn\u00fcn tersine do\u011fru i\u015fliyor. Bu nedenle G\u00fcne\u015f Do\u011fu&#8217;dan&#8230;<\/p>\n","protected":false},"author":1,"featured_media":361,"comment_status":"open","ping_status":"open","sticky":false,"template":"","format":"standard","meta":{"footnotes":""},"categories":[5],"tags":[18],"class_list":["post-360","post","type-post","status-publish","format-standard","has-post-thumbnail","hentry","category-hertelden","tag-uzay"],"acf":[],"_links":{"self":[{"href":"https:\/\/emreozturk.com\/index.php\/wp-json\/wp\/v2\/posts\/360"}],"collection":[{"href":"https:\/\/emreozturk.com\/index.php\/wp-json\/wp\/v2\/posts"}],"about":[{"href":"https:\/\/emreozturk.com\/index.php\/wp-json\/wp\/v2\/types\/post"}],"author":[{"embeddable":true,"href":"https:\/\/emreozturk.com\/index.php\/wp-json\/wp\/v2\/users\/1"}],"replies":[{"embeddable":true,"href":"https:\/\/emreozturk.com\/index.php\/wp-json\/wp\/v2\/comments?post=360"}],"version-history":[{"count":3,"href":"https:\/\/emreozturk.com\/index.php\/wp-json\/wp\/v2\/posts\/360\/revisions"}],"predecessor-version":[{"id":373,"href":"https:\/\/emreozturk.com\/index.php\/wp-json\/wp\/v2\/posts\/360\/revisions\/373"}],"wp:featuredmedia":[{"embeddable":true,"href":"https:\/\/emreozturk.com\/index.php\/wp-json\/wp\/v2\/media\/361"}],"wp:attachment":[{"href":"https:\/\/emreozturk.com\/index.php\/wp-json\/wp\/v2\/media?parent=360"}],"wp:term":[{"taxonomy":"category","embeddable":true,"href":"https:\/\/emreozturk.com\/index.php\/wp-json\/wp\/v2\/categories?post=360"},{"taxonomy":"post_tag","embeddable":true,"href":"https:\/\/emreozturk.com\/index.php\/wp-json\/wp\/v2\/tags?post=360"}],"curies":[{"name":"wp","href":"https:\/\/api.w.org\/{rel}","templated":true}]}}