{"id":363,"date":"2022-02-16T21:01:58","date_gmt":"2022-02-16T18:01:58","guid":{"rendered":"http:\/\/emreozturk.com\/?p=363"},"modified":"2022-02-16T21:44:23","modified_gmt":"2022-02-16T18:44:23","slug":"gokyuzu-neden-mavi-renkte-gorunuyor","status":"publish","type":"post","link":"https:\/\/emreozturk.com\/index.php\/2022\/02\/16\/gokyuzu-neden-mavi-renkte-gorunuyor\/","title":{"rendered":"g\u00f6ky\u00fcz\u00fc neden mavi renkte g\u00f6r\u00fcn\u00fcyor?"},"content":{"rendered":"<p><img loading=\"lazy\" decoding=\"async\" class=\"size-medium wp-image-364 alignright\" src=\"https:\/\/emreozturk.com\/wp-content\/themes\/breek\/assets\/images\/transparent.gif\" data-lazy=\"true\" data-src=\"https:\/\/emreozturk.com\/wp-content\/uploads\/2022\/02\/gokyuzu-300x300.jpg\" alt=\"\" width=\"300\" height=\"300\" data-srcset=\"https:\/\/emreozturk.com\/wp-content\/uploads\/2022\/02\/gokyuzu-300x300.jpg 300w, https:\/\/emreozturk.com\/wp-content\/uploads\/2022\/02\/gokyuzu-150x150.jpg 150w, https:\/\/emreozturk.com\/wp-content\/uploads\/2022\/02\/gokyuzu-100x100.jpg 100w, https:\/\/emreozturk.com\/wp-content\/uploads\/2022\/02\/gokyuzu-120x120.jpg 120w, https:\/\/emreozturk.com\/wp-content\/uploads\/2022\/02\/gokyuzu.jpg 400w\" data-sizes=\"(max-width: 300px) 100vw, 300px\" \/><\/p>\n<p>Gezegenimizi D\u00fcnya\u2019n\u0131n i\u00e7inde bulundu\u011fu sistemin tek y\u0131ld\u0131z\u0131 olan G\u00fcne\u015f\u2019ten gelen \u0131\u015f\u0131k beyaz bir renge sahip. G\u00fcne\u015f\u2019ten gelen \u0131\u015f\u0131k gezegenimizin atmosferi ile temas etti\u011finde renk de\u011fi\u015fimi ba\u015fl\u0131yor.<\/p>\n<p>Zira \u0131\u015f\u0131k, atmosferi ge\u00e7ti\u011fi zaman hava molek\u00fclleri ile kar\u015f\u0131la\u015f\u0131yor. Burada elektron ve proton ad\u0131 verilen par\u00e7a\u00e7\u0131klar ile kar\u015f\u0131la\u015fan \u0131\u015f\u0131k yay\u0131lmaya ba\u015fl\u0131yor. Bu s\u00fcre\u00e7te G\u00fcne\u015f \u0131\u015f\u0131\u011f\u0131, i\u00e7inde sakl\u0131 olan turuncu, k\u0131rm\u0131z\u0131, sar\u0131, ye\u015fil, mavi, lacivert ve mor renklerine ayr\u0131l\u0131yor.<\/p>\n<p>Bu renk bile\u015fenlerinden en h\u0131zl\u0131 olan\u0131 mavi renk oldu\u011fu i\u00e7in g\u00f6ky\u00fcz\u00fc mavi renge sahip.<\/p>\n","protected":false},"excerpt":{"rendered":"<p>Gezegenimizi D\u00fcnya\u2019n\u0131n i\u00e7inde bulundu\u011fu sistemin tek y\u0131ld\u0131z\u0131 olan G\u00fcne\u015f\u2019ten gelen \u0131\u015f\u0131k beyaz bir renge sahip. G\u00fcne\u015f\u2019ten gelen \u0131\u015f\u0131k gezegenimizin atmosferi ile temas etti\u011finde renk de\u011fi\u015fimi&#8230;<\/p>\n","protected":false},"author":1,"featured_media":364,"comment_status":"open","ping_status":"open","sticky":false,"template":"","format":"standard","meta":{"footnotes":""},"categories":[5],"tags":[],"class_list":["post-363","post","type-post","status-publish","format-standard","has-post-thumbnail","hentry","category-hertelden"],"acf":[],"_links":{"self":[{"href":"https:\/\/emreozturk.com\/index.php\/wp-json\/wp\/v2\/posts\/363"}],"collection":[{"href":"https:\/\/emreozturk.com\/index.php\/wp-json\/wp\/v2\/posts"}],"about":[{"href":"https:\/\/emreozturk.com\/index.php\/wp-json\/wp\/v2\/types\/post"}],"author":[{"embeddable":true,"href":"https:\/\/emreozturk.com\/index.php\/wp-json\/wp\/v2\/users\/1"}],"replies":[{"embeddable":true,"href":"https:\/\/emreozturk.com\/index.php\/wp-json\/wp\/v2\/comments?post=363"}],"version-history":[{"count":4,"href":"https:\/\/emreozturk.com\/index.php\/wp-json\/wp\/v2\/posts\/363\/revisions"}],"predecessor-version":[{"id":377,"href":"https:\/\/emreozturk.com\/index.php\/wp-json\/wp\/v2\/posts\/363\/revisions\/377"}],"wp:featuredmedia":[{"embeddable":true,"href":"https:\/\/emreozturk.com\/index.php\/wp-json\/wp\/v2\/media\/364"}],"wp:attachment":[{"href":"https:\/\/emreozturk.com\/index.php\/wp-json\/wp\/v2\/media?parent=363"}],"wp:term":[{"taxonomy":"category","embeddable":true,"href":"https:\/\/emreozturk.com\/index.php\/wp-json\/wp\/v2\/categories?post=363"},{"taxonomy":"post_tag","embeddable":true,"href":"https:\/\/emreozturk.com\/index.php\/wp-json\/wp\/v2\/tags?post=363"}],"curies":[{"name":"wp","href":"https:\/\/api.w.org\/{rel}","templated":true}]}}